{"id":9426,"date":"2022-10-05T16:41:06","date_gmt":"2022-10-05T14:41:06","guid":{"rendered":"https:\/\/www.from-to.cz\/?p=9426"},"modified":"2022-11-11T08:17:13","modified_gmt":"2022-11-11T07:17:13","slug":"we-are-extending-our-warehousing-capacites","status":"publish","type":"post","link":"https:\/\/www.from-to.cz\/en\/2022\/10\/05\/we-are-extending-our-warehousing-capacites\/","title":{"rendered":"We are extending our warehousing capacites!"},"content":{"rendered":"\t\t<div data-elementor-type=\"wp-post\" data-elementor-id=\"9426\" class=\"elementor elementor-9426\">\n\t\t\t\t\t\t\t\t\t<section class=\"elementor-section elementor-top-section elementor-element elementor-element-1c2fdbf elementor-section-boxed elementor-section-height-default elementor-section-height-default qodef-elementor-content-no\" data-id=\"1c2fdbf\" data-element_type=\"section\">\n\t\t\t\t\t\t<div class=\"elementor-container elementor-column-gap-default\">\n\t\t\t\t\t<div class=\"elementor-column elementor-col-100 elementor-top-column elementor-element elementor-element-3b5bedb\" data-id=\"3b5bedb\" data-element_type=\"column\">\n\t\t\t<div class=\"elementor-widget-wrap\">\n\t\t\t\t\t\t\t\t\t<\/div>\n\t\t<\/div>\n\t\t\t\t\t\t\t<\/div>\n\t\t<\/section>\n\t\t\t\t<section class=\"elementor-section elementor-top-section elementor-element elementor-element-dbbdf08 elementor-section-boxed elementor-section-height-default elementor-section-height-default qodef-elementor-content-no\" data-id=\"dbbdf08\" data-element_type=\"section\">\n\t\t\t\t\t\t<div class=\"elementor-container elementor-column-gap-default\">\n\t\t\t\t\t<div class=\"elementor-column elementor-col-100 elementor-top-column elementor-element elementor-element-7eda1b7\" data-id=\"7eda1b7\" data-element_type=\"column\">\n\t\t\t<div class=\"elementor-widget-wrap elementor-element-populated\">\n\t\t\t\t\t\t\t\t<div class=\"elementor-element elementor-element-376f3de elementor-widget elementor-widget-image\" data-id=\"376f3de\" data-element_type=\"widget\" data-widget_type=\"image.default\">\n\t\t\t\t<div class=\"elementor-widget-container\">\n\t\t\t<style>\/*! elementor - v3.7.1 - 14-08-2022 *\/\n.elementor-widget-image{text-align:center}.elementor-widget-image a{display:inline-block}.elementor-widget-image a img[src$=\".svg\"]{width:48px}.elementor-widget-image img{vertical-align:middle;display:inline-block}<\/style>\t\t\t\t\t\t\t\t\t\t\t\t<img decoding=\"async\" width=\"1024\" height=\"443\" src=\"https:\/\/www.from-to.cz\/wp-content\/uploads\/2022\/10\/01-1024x443.jpg\" class=\"attachment-large size-large\" alt=\"\" srcset=\"https:\/\/www.from-to.cz\/wp-content\/uploads\/2022\/10\/01-1024x443.jpg 1024w, https:\/\/www.from-to.cz\/wp-content\/uploads\/2022\/10\/01-300x130.jpg 300w, https:\/\/www.from-to.cz\/wp-content\/uploads\/2022\/10\/01-768x332.jpg 768w, https:\/\/www.from-to.cz\/wp-content\/uploads\/2022\/10\/01-1536x664.jpg 1536w, https:\/\/www.from-to.cz\/wp-content\/uploads\/2022\/10\/01-2048x886.jpg 2048w\" sizes=\"(max-width: 1024px) 100vw, 1024px\" \/>\t\t\t\t\t\t\t\t\t\t\t\t\t\t\t<\/div>\n\t\t\t\t<\/div>\n\t\t\t\t<div class=\"elementor-element elementor-element-472e490 elementor-widget elementor-widget-qi_addons_for_elementor_blockquote\" data-id=\"472e490\" data-element_type=\"widget\" data-widget_type=\"qi_addons_for_elementor_blockquote.default\">\n\t\t\t\t<div class=\"elementor-widget-container\">\n\t\t\t<div class=\"qodef-shortcode qodef-m  qodef-qi-blockquote qodef-layout--top qodef--icon-pack\">\n\t\t\t<div class=\"qodef-m-icon\">\n\t\t\t<i aria-hidden=\"true\" class=\"fas fa-quote-right\"><\/i>\t\t<\/div>\n\t\t\t\t<h4 class=\"qodef-m-text\">\n\t\t\tWe are about to start expanding of our company's logistics premises. Our goal is to triple the warehousing and handling space for the transportation of goods within our region. The new warehouse will be equipped with the latest software for JIT inventory management, making our services significantly more efficient.\t\t<\/h4>\n\t<\/div>\n\t\t<\/div>\n\t\t\t\t<\/div>\n\t\t\t\t\t<\/div>\n\t\t<\/div>\n\t\t\t\t\t\t\t<\/div>\n\t\t<\/section>\n\t\t\t\t\t\t\t<\/div>\n\t\t","protected":false},"excerpt":{"rendered":"<p>We are about to start expanding of our company&#8217;s logistics premises. Our goal is to triple the warehousing and handling space for the transportation of goods within our region. The new warehouse will be equipped with the latest software for JIT inventory management, making our services significantly more efficient.<\/p>\n","protected":false},"author":1,"featured_media":0,"comment_status":"closed","ping_status":"closed","sticky":false,"template":"","format":"standard","meta":{"footnotes":""},"categories":[45],"tags":[],"class_list":["post-9426","post","type-post","status-publish","format-standard","hentry","category-news"],"yoast_head":"<!-- This site is optimized with the Yoast SEO plugin v19.9 - https:\/\/yoast.com\/wordpress\/plugins\/seo\/ -->\n<title>We are extending our warehousing capacites! - From-To | Autodoprava, forwarding, skladov\u00e1n\u00ed<\/title>\n<meta name=\"robots\" content=\"index, follow, max-snippet:-1, max-image-preview:large, max-video-preview:-1\" \/>\n<link rel=\"canonical\" href=\"https:\/\/www.from-to.cz\/en\/2022\/10\/05\/we-are-extending-our-warehousing-capacites\/\" \/>\n<meta property=\"og:locale\" content=\"en_US\" \/>\n<meta property=\"og:type\" content=\"article\" \/>\n<meta property=\"og:title\" content=\"We are extending our warehousing capacites! - From-To | Autodoprava, forwarding, skladov\u00e1n\u00ed\" \/>\n<meta property=\"og:description\" content=\"We are about to start expanding of our company&#8217;s logistics premises. Our goal is to triple the warehousing and handling space for the transportation of goods within our region. The new warehouse will be equipped with the latest software for JIT inventory management, making our services significantly more efficient.\" \/>\n<meta property=\"og:url\" content=\"https:\/\/www.from-to.cz\/en\/2022\/10\/05\/we-are-extending-our-warehousing-capacites\/\" \/>\n<meta property=\"og:site_name\" content=\"From-To | Autodoprava, forwarding, skladov\u00e1n\u00ed\" \/>\n<meta property=\"article:published_time\" content=\"2022-10-05T14:41:06+00:00\" \/>\n<meta property=\"article:modified_time\" content=\"2022-11-11T07:17:13+00:00\" \/>\n<meta property=\"og:image\" content=\"https:\/\/www.from-to.cz\/wp-content\/uploads\/2022\/10\/01-1024x443.jpg\" \/>\n<meta name=\"author\" content=\"fromto_admin\" \/>\n<meta name=\"twitter:card\" content=\"summary_large_image\" \/>\n<meta name=\"twitter:label1\" content=\"Written by\" \/>\n\t<meta name=\"twitter:data1\" content=\"fromto_admin\" \/>\n\t<meta name=\"twitter:label2\" content=\"Est. reading time\" \/>\n\t<meta name=\"twitter:data2\" content=\"1 minute\" \/>\n<script type=\"application\/ld+json\" class=\"yoast-schema-graph\">{\"@context\":\"https:\/\/schema.org\",\"@graph\":[{\"@type\":\"Article\",\"@id\":\"https:\/\/www.from-to.cz\/en\/2022\/10\/05\/we-are-extending-our-warehousing-capacites\/#article\",\"isPartOf\":{\"@id\":\"https:\/\/www.from-to.cz\/en\/2022\/10\/05\/we-are-extending-our-warehousing-capacites\/\"},\"author\":{\"name\":\"fromto_admin\",\"@id\":\"https:\/\/www.from-to.cz\/en\/#\/schema\/person\/fbeb7941bc70405d14e8e15238d02678\"},\"headline\":\"We are extending our warehousing capacites!\",\"datePublished\":\"2022-10-05T14:41:06+00:00\",\"dateModified\":\"2022-11-11T07:17:13+00:00\",\"mainEntityOfPage\":{\"@id\":\"https:\/\/www.from-to.cz\/en\/2022\/10\/05\/we-are-extending-our-warehousing-capacites\/\"},\"wordCount\":55,\"publisher\":{\"@id\":\"https:\/\/www.from-to.cz\/en\/#organization\"},\"articleSection\":[\"news\"],\"inLanguage\":\"en-US\"},{\"@type\":\"WebPage\",\"@id\":\"https:\/\/www.from-to.cz\/en\/2022\/10\/05\/we-are-extending-our-warehousing-capacites\/\",\"url\":\"https:\/\/www.from-to.cz\/en\/2022\/10\/05\/we-are-extending-our-warehousing-capacites\/\",\"name\":\"We are extending our warehousing capacites! - From-To | Autodoprava, forwarding, skladov\u00e1n\u00ed\",\"isPartOf\":{\"@id\":\"https:\/\/www.from-to.cz\/en\/#website\"},\"datePublished\":\"2022-10-05T14:41:06+00:00\",\"dateModified\":\"2022-11-11T07:17:13+00:00\",\"breadcrumb\":{\"@id\":\"https:\/\/www.from-to.cz\/en\/2022\/10\/05\/we-are-extending-our-warehousing-capacites\/#breadcrumb\"},\"inLanguage\":\"en-US\",\"potentialAction\":[{\"@type\":\"ReadAction\",\"target\":[\"https:\/\/www.from-to.cz\/en\/2022\/10\/05\/we-are-extending-our-warehousing-capacites\/\"]}]},{\"@type\":\"BreadcrumbList\",\"@id\":\"https:\/\/www.from-to.cz\/en\/2022\/10\/05\/we-are-extending-our-warehousing-capacites\/#breadcrumb\",\"itemListElement\":[{\"@type\":\"ListItem\",\"position\":1,\"name\":\"Dom\u016f\",\"item\":\"https:\/\/www.from-to.cz\/en\/\"},{\"@type\":\"ListItem\",\"position\":2,\"name\":\"We are extending our warehousing capacites!\"}]},{\"@type\":\"WebSite\",\"@id\":\"https:\/\/www.from-to.cz\/en\/#website\",\"url\":\"https:\/\/www.from-to.cz\/en\/\",\"name\":\"From-To | Autodoprava, forwarding, skladov\u00e1n\u00ed\",\"description\":\"S n\u00e1mi spr\u00e1vnou cestou \u2014 D\u011bl\u00e1me v\u011bci osobit\u011b, profesion\u00e1ln\u011b a za t\u00edm si stoj\u00edme!\",\"publisher\":{\"@id\":\"https:\/\/www.from-to.cz\/en\/#organization\"},\"potentialAction\":[{\"@type\":\"SearchAction\",\"target\":{\"@type\":\"EntryPoint\",\"urlTemplate\":\"https:\/\/www.from-to.cz\/en\/?s={search_term_string}\"},\"query-input\":\"required name=search_term_string\"}],\"inLanguage\":\"en-US\"},{\"@type\":\"Organization\",\"@id\":\"https:\/\/www.from-to.cz\/en\/#organization\",\"name\":\"From-To | Autodoprava, forwarding, skladov\u00e1n\u00ed\",\"url\":\"https:\/\/www.from-to.cz\/en\/\",\"logo\":{\"@type\":\"ImageObject\",\"inLanguage\":\"en-US\",\"@id\":\"https:\/\/www.from-to.cz\/en\/#\/schema\/logo\/image\/\",\"url\":\"https:\/\/www.from-to.cz\/wp-content\/uploads\/2022\/08\/03light_emb_blue.png\",\"contentUrl\":\"https:\/\/www.from-to.cz\/wp-content\/uploads\/2022\/08\/03light_emb_blue.png\",\"width\":350,\"height\":125,\"caption\":\"From-To | Autodoprava, forwarding, skladov\u00e1n\u00ed\"},\"image\":{\"@id\":\"https:\/\/www.from-to.cz\/en\/#\/schema\/logo\/image\/\"}},{\"@type\":\"Person\",\"@id\":\"https:\/\/www.from-to.cz\/en\/#\/schema\/person\/fbeb7941bc70405d14e8e15238d02678\",\"name\":\"fromto_admin\",\"image\":{\"@type\":\"ImageObject\",\"inLanguage\":\"en-US\",\"@id\":\"https:\/\/www.from-to.cz\/en\/#\/schema\/person\/image\/\",\"url\":\"https:\/\/secure.gravatar.com\/avatar\/44e2461f79655cf54fa66c7c2adb7fecd666a213dfc1d6d9a10b0781ed36c21f?s=96&d=mm&r=g\",\"contentUrl\":\"https:\/\/secure.gravatar.com\/avatar\/44e2461f79655cf54fa66c7c2adb7fecd666a213dfc1d6d9a10b0781ed36c21f?s=96&d=mm&r=g\",\"caption\":\"fromto_admin\"},\"sameAs\":[\"http:\/\/devel.nexdesign.cz\/www.from-to.cz\"],\"url\":\"https:\/\/www.from-to.cz\/en\/author\/fromto_admin\/\"}]}<\/script>\n<!-- \/ Yoast SEO plugin. -->","yoast_head_json":{"title":"We are extending our warehousing capacites! - From-To | Autodoprava, forwarding, skladov\u00e1n\u00ed","robots":{"index":"index","follow":"follow","max-snippet":"max-snippet:-1","max-image-preview":"max-image-preview:large","max-video-preview":"max-video-preview:-1"},"canonical":"https:\/\/www.from-to.cz\/en\/2022\/10\/05\/we-are-extending-our-warehousing-capacites\/","og_locale":"en_US","og_type":"article","og_title":"We are extending our warehousing capacites! - From-To | Autodoprava, forwarding, skladov\u00e1n\u00ed","og_description":"We are about to start expanding of our company&#8217;s logistics premises. Our goal is to triple the warehousing and handling space for the transportation of goods within our region. The new warehouse will be equipped with the latest software for JIT inventory management, making our services significantly more efficient.","og_url":"https:\/\/www.from-to.cz\/en\/2022\/10\/05\/we-are-extending-our-warehousing-capacites\/","og_site_name":"From-To | Autodoprava, forwarding, skladov\u00e1n\u00ed","article_published_time":"2022-10-05T14:41:06+00:00","article_modified_time":"2022-11-11T07:17:13+00:00","og_image":[{"url":"https:\/\/www.from-to.cz\/wp-content\/uploads\/2022\/10\/01-1024x443.jpg"}],"author":"fromto_admin","twitter_card":"summary_large_image","twitter_misc":{"Written by":"fromto_admin","Est. reading time":"1 minute"},"schema":{"@context":"https:\/\/schema.org","@graph":[{"@type":"Article","@id":"https:\/\/www.from-to.cz\/en\/2022\/10\/05\/we-are-extending-our-warehousing-capacites\/#article","isPartOf":{"@id":"https:\/\/www.from-to.cz\/en\/2022\/10\/05\/we-are-extending-our-warehousing-capacites\/"},"author":{"name":"fromto_admin","@id":"https:\/\/www.from-to.cz\/en\/#\/schema\/person\/fbeb7941bc70405d14e8e15238d02678"},"headline":"We are extending our warehousing capacites!","datePublished":"2022-10-05T14:41:06+00:00","dateModified":"2022-11-11T07:17:13+00:00","mainEntityOfPage":{"@id":"https:\/\/www.from-to.cz\/en\/2022\/10\/05\/we-are-extending-our-warehousing-capacites\/"},"wordCount":55,"publisher":{"@id":"https:\/\/www.from-to.cz\/en\/#organization"},"articleSection":["news"],"inLanguage":"en-US"},{"@type":"WebPage","@id":"https:\/\/www.from-to.cz\/en\/2022\/10\/05\/we-are-extending-our-warehousing-capacites\/","url":"https:\/\/www.from-to.cz\/en\/2022\/10\/05\/we-are-extending-our-warehousing-capacites\/","name":"We are extending our warehousing capacites! - From-To | Autodoprava, forwarding, skladov\u00e1n\u00ed","isPartOf":{"@id":"https:\/\/www.from-to.cz\/en\/#website"},"datePublished":"2022-10-05T14:41:06+00:00","dateModified":"2022-11-11T07:17:13+00:00","breadcrumb":{"@id":"https:\/\/www.from-to.cz\/en\/2022\/10\/05\/we-are-extending-our-warehousing-capacites\/#breadcrumb"},"inLanguage":"en-US","potentialAction":[{"@type":"ReadAction","target":["https:\/\/www.from-to.cz\/en\/2022\/10\/05\/we-are-extending-our-warehousing-capacites\/"]}]},{"@type":"BreadcrumbList","@id":"https:\/\/www.from-to.cz\/en\/2022\/10\/05\/we-are-extending-our-warehousing-capacites\/#breadcrumb","itemListElement":[{"@type":"ListItem","position":1,"name":"Dom\u016f","item":"https:\/\/www.from-to.cz\/en\/"},{"@type":"ListItem","position":2,"name":"We are extending our warehousing capacites!"}]},{"@type":"WebSite","@id":"https:\/\/www.from-to.cz\/en\/#website","url":"https:\/\/www.from-to.cz\/en\/","name":"From-To | Autodoprava, forwarding, skladov\u00e1n\u00ed","description":"S n\u00e1mi spr\u00e1vnou cestou \u2014 D\u011bl\u00e1me v\u011bci osobit\u011b, profesion\u00e1ln\u011b a za t\u00edm si stoj\u00edme!","publisher":{"@id":"https:\/\/www.from-to.cz\/en\/#organization"},"potentialAction":[{"@type":"SearchAction","target":{"@type":"EntryPoint","urlTemplate":"https:\/\/www.from-to.cz\/en\/?s={search_term_string}"},"query-input":"required name=search_term_string"}],"inLanguage":"en-US"},{"@type":"Organization","@id":"https:\/\/www.from-to.cz\/en\/#organization","name":"From-To | Autodoprava, forwarding, skladov\u00e1n\u00ed","url":"https:\/\/www.from-to.cz\/en\/","logo":{"@type":"ImageObject","inLanguage":"en-US","@id":"https:\/\/www.from-to.cz\/en\/#\/schema\/logo\/image\/","url":"https:\/\/www.from-to.cz\/wp-content\/uploads\/2022\/08\/03light_emb_blue.png","contentUrl":"https:\/\/www.from-to.cz\/wp-content\/uploads\/2022\/08\/03light_emb_blue.png","width":350,"height":125,"caption":"From-To | Autodoprava, forwarding, skladov\u00e1n\u00ed"},"image":{"@id":"https:\/\/www.from-to.cz\/en\/#\/schema\/logo\/image\/"}},{"@type":"Person","@id":"https:\/\/www.from-to.cz\/en\/#\/schema\/person\/fbeb7941bc70405d14e8e15238d02678","name":"fromto_admin","image":{"@type":"ImageObject","inLanguage":"en-US","@id":"https:\/\/www.from-to.cz\/en\/#\/schema\/person\/image\/","url":"https:\/\/secure.gravatar.com\/avatar\/44e2461f79655cf54fa66c7c2adb7fecd666a213dfc1d6d9a10b0781ed36c21f?s=96&d=mm&r=g","contentUrl":"https:\/\/secure.gravatar.com\/avatar\/44e2461f79655cf54fa66c7c2adb7fecd666a213dfc1d6d9a10b0781ed36c21f?s=96&d=mm&r=g","caption":"fromto_admin"},"sameAs":["http:\/\/devel.nexdesign.cz\/www.from-to.cz"],"url":"https:\/\/www.from-to.cz\/en\/author\/fromto_admin\/"}]}},"_links":{"self":[{"href":"https:\/\/www.from-to.cz\/en\/wp-json\/wp\/v2\/posts\/9426","targetHints":{"allow":["GET"]}}],"collection":[{"href":"https:\/\/www.from-to.cz\/en\/wp-json\/wp\/v2\/posts"}],"about":[{"href":"https:\/\/www.from-to.cz\/en\/wp-json\/wp\/v2\/types\/post"}],"author":[{"embeddable":true,"href":"https:\/\/www.from-to.cz\/en\/wp-json\/wp\/v2\/users\/1"}],"replies":[{"embeddable":true,"href":"https:\/\/www.from-to.cz\/en\/wp-json\/wp\/v2\/comments?post=9426"}],"version-history":[{"count":4,"href":"https:\/\/www.from-to.cz\/en\/wp-json\/wp\/v2\/posts\/9426\/revisions"}],"predecessor-version":[{"id":9431,"href":"https:\/\/www.from-to.cz\/en\/wp-json\/wp\/v2\/posts\/9426\/revisions\/9431"}],"wp:attachment":[{"href":"https:\/\/www.from-to.cz\/en\/wp-json\/wp\/v2\/media?parent=9426"}],"wp:term":[{"taxonomy":"category","embeddable":true,"href":"https:\/\/www.from-to.cz\/en\/wp-json\/wp\/v2\/categories?post=9426"},{"taxonomy":"post_tag","embeddable":true,"href":"https:\/\/www.from-to.cz\/en\/wp-json\/wp\/v2\/tags?post=9426"}],"curies":[{"name":"wp","href":"https:\/\/api.w.org\/{rel}","templated":true}]}}